{"id":4327,"date":"2025-01-29T11:10:59","date_gmt":"2025-01-29T09:10:59","guid":{"rendered":"https:\/\/conshannover.esteri.it\/?p=4327"},"modified":"2025-01-29T15:11:26","modified_gmt":"2025-01-29T13:11:26","slug":"gorizia-e-il-goriziano-luogo-dincontro-tra-mondo-latino-e-mondo-slavo","status":"publish","type":"post","link":"https:\/\/conshannover.esteri.it\/it\/news\/dal_consolato\/2025\/01\/gorizia-e-il-goriziano-luogo-dincontro-tra-mondo-latino-e-mondo-slavo\/","title":{"rendered":"Nuovo appuntamento: GORIZIA E IL GORIZIANO, LUOGO D\u2019INCONTRO TRA MONDO LATINO E MONDO SLAVO"},"content":{"rendered":"<p><strong>Nuovo appuntamento: Sabato 01.03.2025, ore 16:00<\/strong><\/p>\n<p><strong>Consolato Generale d\u2019Italia<br \/>\nFreundallee 27, 30173 Hannover<\/strong><\/p>\n<p><strong>GORIZIA E IL GORIZIANO, LUOGO D\u2019INCONTRO TRA MONDO LATINO E MONDO SLAVO<\/strong><\/p>\n<p><strong>Conferenza della Dott.ssa Orietta Altieri, Gorizia<\/strong><\/p>\n<p>In collaborazione con la Associazione Culturale Italo-Tedesca di Hannover (DIK)<\/p>\n<p>Il Goriziano: \u00e8 qui che il mondo latino si fonde con quello slavo e viceversa. Parte dell\u2019Impero asburgico fino al 1918, devastata da due guerre mondiali che hanno causato notevoli spostamenti di popolazione, \u00e8 stato, ed \u00e8 ancora in parte, un luogo dalle molteplici identit\u00e0 in termini di lingue, costumi e tradizioni.<\/p>\n<p><em>La Dott.ssa Orietta Altieri \u00e8 nata a Gorizia nel 1958 ed \u00e8 stata insegnante di tedesco in un Liceo Linguistico. Fin dalla pubblicazione della tesi di laurea, conduce ricerche di carattere storico, concentrandosi sulla cultura germanofona e sui processi migratori nell&#8217;ex regione di confine austriaca. Ha lavorato anche come traduttrice dal tedesco all&#8217;italiano e ha ricevuto borse di studio dall&#8217;Istituto storico italo-tedesco di Trento, dalla Fondazione Cini di Venezia e dal Goethe-Institut di Berlino.<\/em><\/p>\n<p><em> <img loading=\"lazy\" decoding=\"async\" class=\"alignnone size-medium wp-image-4329 img-fluid\" src=\"https:\/\/conshannover.esteri.it\/wp-content\/uploads\/2025\/01\/DIK24LOGO-mit-Schriftzug_DE-IT-kompakt-1-300x295.png\" alt=\"\" width=\"300\" height=\"295\" srcset=\"https:\/\/conshannover.esteri.it\/wp-content\/uploads\/2025\/01\/DIK24LOGO-mit-Schriftzug_DE-IT-kompakt-1-300x295.png 300w, https:\/\/conshannover.esteri.it\/wp-content\/uploads\/2025\/01\/DIK24LOGO-mit-Schriftzug_DE-IT-kompakt-1.png 571w\" sizes=\"auto, (max-width: 300px) 100vw, 300px\" \/> <img loading=\"lazy\" decoding=\"async\" class=\"alignnone size-medium wp-image-4333 img-fluid\" src=\"https:\/\/conshannover.esteri.it\/wp-content\/uploads\/2025\/01\/Gorizia-300x201.jpg\" alt=\"\" width=\"300\" height=\"201\" srcset=\"https:\/\/conshannover.esteri.it\/wp-content\/uploads\/2025\/01\/Gorizia-300x201.jpg 300w, https:\/\/conshannover.esteri.it\/wp-content\/uploads\/2025\/01\/Gorizia-768x514.jpg 768w, https:\/\/conshannover.esteri.it\/wp-content\/uploads\/2025\/01\/Gorizia.jpg 1024w\" sizes=\"auto, (max-width: 300px) 100vw, 300px\" \/><\/em><\/p>\n<p>Foto: Gorizia, Blick auf die Stadt \u2013 Gorizia, panorama della citt\u00e0 (<em>Wikimedia Commons<\/em>)<\/p>\n","protected":false},"excerpt":{"rendered":"Nuovo appuntamento: Sabato 01.03.2025, ore 16:00 Consolato Generale d\u2019Italia Freundallee 27, 30173 Hannover GORIZIA E IL GORIZIANO, LUOGO D\u2019INCONTRO TRA MONDO LATINO E MONDO SLAVO Conferenza della Dott.ssa Orietta Altieri, Gorizia In collaborazione con la Associazione Culturale Italo-Tedesca di Hannover (DIK) Il Goriziano: \u00e8 qui che il mondo latino si fonde con quello slavo e [&hellip;]","protected":false},"author":5,"featured_media":4333,"comment_status":"closed","ping_status":"closed","sticky":false,"template":"","format":"standard","meta":{"footnotes":""},"tags":[],"class_list":["post-4327","post","type-post","status-publish","format-standard","has-post-thumbnail","hentry"],"_links":{"self":[{"href":"https:\/\/conshannover.esteri.it\/it\/wp-json\/wp\/v2\/posts\/4327","targetHints":{"allow":["GET"]}}],"collection":[{"href":"https:\/\/conshannover.esteri.it\/it\/wp-json\/wp\/v2\/posts"}],"about":[{"href":"https:\/\/conshannover.esteri.it\/it\/wp-json\/wp\/v2\/types\/post"}],"author":[{"embeddable":true,"href":"https:\/\/conshannover.esteri.it\/it\/wp-json\/wp\/v2\/users\/5"}],"replies":[{"embeddable":true,"href":"https:\/\/conshannover.esteri.it\/it\/wp-json\/wp\/v2\/comments?post=4327"}],"version-history":[{"count":5,"href":"https:\/\/conshannover.esteri.it\/it\/wp-json\/wp\/v2\/posts\/4327\/revisions"}],"predecessor-version":[{"id":4537,"href":"https:\/\/conshannover.esteri.it\/it\/wp-json\/wp\/v2\/posts\/4327\/revisions\/4537"}],"wp:featuredmedia":[{"embeddable":true,"href":"https:\/\/conshannover.esteri.it\/it\/wp-json\/wp\/v2\/media\/4333"}],"wp:attachment":[{"href":"https:\/\/conshannover.esteri.it\/it\/wp-json\/wp\/v2\/media?parent=4327"}],"wp:term":[{"taxonomy":"post_tag","embeddable":true,"href":"https:\/\/conshannover.esteri.it\/it\/wp-json\/wp\/v2\/tags?post=4327"}],"curies":[{"name":"wp","href":"https:\/\/api.w.org\/{rel}","templated":true}]}}