{"id":5147,"date":"2025-05-22T13:51:21","date_gmt":"2025-05-22T11:51:21","guid":{"rendered":"https:\/\/conshannover.esteri.it\/?p=5147"},"modified":"2025-05-22T14:06:12","modified_gmt":"2025-05-22T12:06:12","slug":"roma-si-sveglia-mostra-fotografica-di-matthias-riemann","status":"publish","type":"post","link":"https:\/\/conshannover.esteri.it\/it\/news\/dal_consolato\/2025\/05\/roma-si-sveglia-mostra-fotografica-di-matthias-riemann\/","title":{"rendered":"ROMA SI SVEGLIA \u2013 MOSTRA FOTOGRAFICA DI MATTHIAS RIEMANN"},"content":{"rendered":"<p><strong>Roma si sveglia \u2013 Mostra fotografica <\/strong><\/p>\n<p><strong>di Matthias Riemann<\/strong><\/p>\n<p><strong>In collaborazione con l\u2019Associazione Culturale Italo-Tedesca (DIK)<\/strong><\/p>\n<p>&nbsp;<\/p>\n<p>Dal 1\u00b0 luglio al 30 settembre 2025<\/p>\n<p><strong>Luogo<\/strong>: Consolato Generale d\u2019Italia in Hannover<\/p>\n<p>Freundallee 27, 30173 Hannover<\/p>\n<p><strong>Vernissage<\/strong>: marted\u00ec 1\u00b0 luglio 2025, ore 18.30<\/p>\n<p>Introduzione di Tom Deutschmann, Hannover<\/p>\n<p><strong>Finissage<\/strong>: marted\u00ec 30 settembre 2025, ore 18.30<\/p>\n<p>Con Vincenzo Grauso, Deutsch-italienische Kulturgesellschaft<\/p>\n<p><strong>Orari di apertura<\/strong>: luned\u00ec 15-17, mercoled\u00ec 9-12 e 15-17, marted\u00ec, gioved\u00ec e venerd\u00ec 9-12<\/p>\n<p>&nbsp;<\/p>\n<p>La mostra \u00e8 l\u2019esito di un progetto fotografico. Nel settembre 2024, Matthias Riemann ha trascorso quattro settimane a Roma fotografando all\u2019inizio di ogni giornata, tra le sei e le otto del mattino, strade, case, persone e paesaggi. Fotografie di strada si alternano a motivi architettonici e urbani. In bianco e nero o a colori, gli scatti presentati catturano le luci e le atmosfere, le pietre e i movimenti che l\u2019alba tende a decelerare, dando spazio a episodi di vita sociale e quotidianit\u00e0, nei bar o alle fermate dell\u2019autobus, e mostrando il \u201cnon ancora\u201d che ancora non ha lasciato spazio alla massa di persone che si impossesseranno della citt\u00e0. Per il fotografo la bellezza del vuoto e l\u2019imparzialit\u00e0 dello sguardo sono una costante irrinunciabile.<\/p>\n<p>Il titolo, \u201cRoma si sveglia\u201d, \u00e8 servito fin dall\u2019inizio per accostarsi a un tema molto complesso e va letto alla luce di ci\u00f2 che si osserva a inizio giornata in una qualsiasi metropoli del mondo.<\/p>\n<p>&nbsp;<\/p>\n<p><u>Matthias Riemann, classe 1956<\/u><\/p>\n<p>\u201cLa prima macchina fotografica &#8211; una Kodak con esposimetro; i miei genitori me l&#8217;avevano prestata per un viaggio Interrail nel 1974 \u2013 \u00e8 andata persa in un vagone della metropolitana di Parigi. Ci ho imparato a fotografare. La seconda, una Canon ftb, \u00e8 stata la mia compagna analogica per molti anni. Con la mia attuale fotocamera, una Olympus E M 1, ho ricominciato a fotografare intensamente dopo diversi anni.\u201d<\/p>\n<p>&nbsp;<\/p>\n<p>1976 \u00a0\u00a0\u00a0\u00a0\u00a0\u00a0\u00a0\u00a0\u00a0\u00a0\u00a0\u00a0\u00a0\u00a0 Vincitore concorso fotografico Canon, Baviera<\/p>\n<p>1985 \u2013 1989 \u00a0\u00a0 Officina Schule-Galerie, Hannover<\/p>\n<p>1988 \u00a0\u00a0\u00a0\u00a0\u00a0\u00a0\u00a0\u00a0\u00a0\u00a0\u00a0\u00a0\u00a0\u00a0 Cofondatore di \u201cKirche-K\u00fcnste-Kultur\u201d, Evangelische Landeskirche Hannover<\/p>\n<p>1992 \u2013 2025 \u00a0\u00a0 curatore di diverse esposizioni<\/p>\n<p>2005 \u00a0\u00a0\u00a0\u00a0\u00a0\u00a0\u00a0\u00a0\u00a0\u00a0\u00a0\u00a0\u00a0\u00a0 Inaugurazione del Caff\u00e8 culturale nebenan a Winsen (Aller)<\/p>\n<p>2014 \u00a0\u00a0\u00a0\u00a0\u00a0\u00a0\u00a0\u00a0\u00a0\u00a0\u00a0\u00a0\u00a0\u00a0 Progetto fotografico \u201ccamera obscura\u201d con Przemek Zajfert, Stoccarda<\/p>\n<p>2017 \u00a0\u00a0\u00a0\u00a0\u00a0\u00a0\u00a0\u00a0\u00a0\u00a0\u00a0\u00a0\u00a0\u00a0 Curatore della mostra fotografica \u201cMein Hannover\u201d<\/p>\n<p>2018 \u00a0\u00a0\u00a0\u00a0\u00a0\u00a0\u00a0\u00a0\u00a0\u00a0\u00a0\u00a0\u00a0\u00a0 Libro fotografico \u201cKirchen im Ev.-luth. Stadtkirchenverband Hannover, Garbsen, Seelze\u201d<\/p>\n<p>2019 \u00a0\u00a0\u00a0\u00a0\u00a0\u00a0\u00a0\u00a0\u00a0\u00a0\u00a0\u00a0\u00a0\u00a0 Mostra \u201cFlohm\u00e4rkte zwischen Verlust und Aneignung\u201d, Jeinsen<\/p>\n<p>2020 \u00a0\u00a0\u00a0\u00a0\u00a0\u00a0\u00a0\u00a0\u00a0\u00a0\u00a0\u00a0\u00a0\u00a0 Mostra \u201cFlohm\u00e4rkte zwischen Verlust und Aneignung\u201d, Resse (Mooritz)<\/p>\n<p>2021 \u00a0\u00a0\u00a0\u00a0\u00a0\u00a0\u00a0\u00a0\u00a0\u00a0\u00a0\u00a0\u00a0\u00a0 Mostra \u201cFlohm\u00e4rkte zwischen Verlust und Aneignung\u201d, Hannover, Cafe\u2019 Konrad<\/p>\n<p>2022\u00a0\u00a0\u00a0\u00a0\u00a0\u00a0\u00a0\u00a0\u00a0\u00a0\u00a0\u00a0\u00a0\u00a0\u00a0 Mostra \u201cFlohm\u00e4rkte zwischen Verlust und Aneignung\u201d, Wolfsmoor<\/p>\n<p>&nbsp;<\/p>\n<p><img loading=\"lazy\" decoding=\"async\" class=\"alignnone size-large wp-image-5138 img-fluid\" src=\"https:\/\/conshannover.esteri.it\/wp-content\/uploads\/2025\/05\/Riemann-1-1024x773.jpg\" alt=\"\" width=\"640\" height=\"483\" srcset=\"https:\/\/conshannover.esteri.it\/wp-content\/uploads\/2025\/05\/Riemann-1-1024x773.jpg 1024w, https:\/\/conshannover.esteri.it\/wp-content\/uploads\/2025\/05\/Riemann-1-300x227.jpg 300w, https:\/\/conshannover.esteri.it\/wp-content\/uploads\/2025\/05\/Riemann-1-768x580.jpg 768w, https:\/\/conshannover.esteri.it\/wp-content\/uploads\/2025\/05\/Riemann-1.jpg 1045w\" sizes=\"auto, (max-width: 640px) 100vw, 640px\" \/><\/p>\n<p><em>Foto: Riemann, Roma si sveglia<\/em><\/p>\n","protected":false},"excerpt":{"rendered":"Roma si sveglia \u2013 Mostra fotografica di Matthias Riemann In collaborazione con l\u2019Associazione Culturale Italo-Tedesca (DIK) &nbsp; Dal 1\u00b0 luglio al 30 settembre 2025 Luogo: Consolato Generale d\u2019Italia in Hannover Freundallee 27, 30173 Hannover Vernissage: marted\u00ec 1\u00b0 luglio 2025, ore 18.30 Introduzione di Tom Deutschmann, Hannover Finissage: marted\u00ec 30 settembre 2025, ore 18.30 Con Vincenzo [&hellip;]","protected":false},"author":8,"featured_media":5144,"comment_status":"closed","ping_status":"closed","sticky":false,"template":"","format":"standard","meta":{"footnotes":""},"tags":[],"class_list":["post-5147","post","type-post","status-publish","format-standard","has-post-thumbnail","hentry"],"_links":{"self":[{"href":"https:\/\/conshannover.esteri.it\/it\/wp-json\/wp\/v2\/posts\/5147","targetHints":{"allow":["GET"]}}],"collection":[{"href":"https:\/\/conshannover.esteri.it\/it\/wp-json\/wp\/v2\/posts"}],"about":[{"href":"https:\/\/conshannover.esteri.it\/it\/wp-json\/wp\/v2\/types\/post"}],"author":[{"embeddable":true,"href":"https:\/\/conshannover.esteri.it\/it\/wp-json\/wp\/v2\/users\/8"}],"replies":[{"embeddable":true,"href":"https:\/\/conshannover.esteri.it\/it\/wp-json\/wp\/v2\/comments?post=5147"}],"version-history":[{"count":1,"href":"https:\/\/conshannover.esteri.it\/it\/wp-json\/wp\/v2\/posts\/5147\/revisions"}],"predecessor-version":[{"id":5150,"href":"https:\/\/conshannover.esteri.it\/it\/wp-json\/wp\/v2\/posts\/5147\/revisions\/5150"}],"wp:featuredmedia":[{"embeddable":true,"href":"https:\/\/conshannover.esteri.it\/it\/wp-json\/wp\/v2\/media\/5144"}],"wp:attachment":[{"href":"https:\/\/conshannover.esteri.it\/it\/wp-json\/wp\/v2\/media?parent=5147"}],"wp:term":[{"taxonomy":"post_tag","embeddable":true,"href":"https:\/\/conshannover.esteri.it\/it\/wp-json\/wp\/v2\/tags?post=5147"}],"curies":[{"name":"wp","href":"https:\/\/api.w.org\/{rel}","templated":true}]}}